{"id":5030,"date":"2026-05-13T15:24:30","date_gmt":"2026-05-13T13:24:30","guid":{"rendered":"https:\/\/begegnungszentrum.ch\/?p=5030"},"modified":"2026-05-19T21:58:52","modified_gmt":"2026-05-19T19:58:52","slug":"mit-liebe-gebacken-3","status":"publish","type":"post","link":"https:\/\/begegnungszentrum.ch\/en\/mit-liebe-gebacken-3\/","title":{"rendered":"Mit Liebe gebacken"},"content":{"rendered":"<p class=\"wp-block-paragraph\"><\/p>\n\n\n\n<style>\n    .elementor-widget-theme-post-featured-image { display: none; }\n    .elementor-widget-theme-post-content > .elementor-widget-container { margin-top: 2em !important; }\n<\/style>\n\n\n\n<figure class=\"wp-block-image size-large\"><img decoding=\"async\" src=\"https:\/\/begegnungszentrum.ch\/wp-content\/uploads\/2026\/04\/AdobeStock_41484070-1-1024x683.jpeg\" alt=\"\" class=\"wp-image-4894\"\/><\/figure>\n\n\n\n<p class=\"wp-block-paragraph\"><\/p>\n\n\n\n<h3 class=\"wp-block-heading has-luminous-vivid-orange-color has-text-color has-link-color wp-elements-1\">Lokal, saisonal, regional, ehrlich, gut &#8211; Beck Schneider Flaach backt f\u00fcr Sie!<\/h3>\n\n\n\n<p class=\"has-medium-font-size wp-block-paragraph\">Ein Familienunternehmen backt in unserer Region das feinste Brot.<\/p>\n\n\n\n<figure class=\"wp-block-gallery has-nested-images columns-default is-cropped wp-block-gallery-1 is-layout-flex wp-block-gallery-is-layout-flex\">\n<figure class=\"wp-block-image size-large\"><img fetchpriority=\"high\" decoding=\"async\" width=\"1024\" height=\"680\" data-id=\"4924\" src=\"https:\/\/begegnungszentrum.ch\/wp-content\/uploads\/2026\/04\/Brot1-1-1024x680.jpg\" alt=\"\" class=\"wp-image-4924\" srcset=\"https:\/\/begegnungszentrum.ch\/wp-content\/uploads\/2026\/04\/Brot1-1-1024x680.jpg 1024w, https:\/\/begegnungszentrum.ch\/wp-content\/uploads\/2026\/04\/Brot1-1-300x199.jpg 300w, https:\/\/begegnungszentrum.ch\/wp-content\/uploads\/2026\/04\/Brot1-1-768x510.jpg 768w, https:\/\/begegnungszentrum.ch\/wp-content\/uploads\/2026\/04\/Brot1-1-1536x1020.jpg 1536w, https:\/\/begegnungszentrum.ch\/wp-content\/uploads\/2026\/04\/Brot1-1-2048x1360.jpg 2048w, https:\/\/begegnungszentrum.ch\/wp-content\/uploads\/2026\/04\/Brot1-1-18x12.jpg 18w\" sizes=\"(max-width: 1024px) 100vw, 1024px\" \/><\/figure>\n\n\n\n<figure class=\"wp-block-image size-large\"><img decoding=\"async\" width=\"1024\" height=\"768\" data-id=\"4927\" src=\"https:\/\/begegnungszentrum.ch\/wp-content\/uploads\/2026\/04\/Brot2-1-1024x768.jpg\" alt=\"\" class=\"wp-image-4927\" srcset=\"https:\/\/begegnungszentrum.ch\/wp-content\/uploads\/2026\/04\/Brot2-1-1024x768.jpg 1024w, https:\/\/begegnungszentrum.ch\/wp-content\/uploads\/2026\/04\/Brot2-1-300x225.jpg 300w, https:\/\/begegnungszentrum.ch\/wp-content\/uploads\/2026\/04\/Brot2-1-768x576.jpg 768w, https:\/\/begegnungszentrum.ch\/wp-content\/uploads\/2026\/04\/Brot2-1-1536x1152.jpg 1536w, https:\/\/begegnungszentrum.ch\/wp-content\/uploads\/2026\/04\/Brot2-1-2048x1536.jpg 2048w, https:\/\/begegnungszentrum.ch\/wp-content\/uploads\/2026\/04\/Brot2-1-16x12.jpg 16w\" sizes=\"(max-width: 1024px) 100vw, 1024px\" \/><\/figure>\n\n\n\n<figure class=\"wp-block-image size-large\"><img decoding=\"async\" width=\"768\" height=\"1024\" data-id=\"4926\" src=\"https:\/\/begegnungszentrum.ch\/wp-content\/uploads\/2026\/04\/Brot3-1-768x1024.jpg\" alt=\"\" class=\"wp-image-4926\" srcset=\"https:\/\/begegnungszentrum.ch\/wp-content\/uploads\/2026\/04\/Brot3-1-768x1024.jpg 768w, https:\/\/begegnungszentrum.ch\/wp-content\/uploads\/2026\/04\/Brot3-1-225x300.jpg 225w, https:\/\/begegnungszentrum.ch\/wp-content\/uploads\/2026\/04\/Brot3-1-1152x1536.jpg 1152w, https:\/\/begegnungszentrum.ch\/wp-content\/uploads\/2026\/04\/Brot3-1-1536x2048.jpg 1536w, https:\/\/begegnungszentrum.ch\/wp-content\/uploads\/2026\/04\/Brot3-1-9x12.jpg 9w, https:\/\/begegnungszentrum.ch\/wp-content\/uploads\/2026\/04\/Brot3-1-scaled.jpg 1920w\" sizes=\"(max-width: 768px) 100vw, 768px\" \/><\/figure>\n<\/figure>\n\n\n\n<p class=\"wp-block-paragraph\">Bei Familie Schneider in Flaach wird in vierter Generation traditionell gebacken und geflochten und es werden herrliche Torten f\u00fcr Sie kreiert. Daf\u00fcr werden m\u00f6glichst saisonale und regionale Produkte verwendet.<\/p>\n\n\n\n<p class=\"wp-block-paragraph\"><strong>Das schmeckt man einfach!<\/strong><\/p>\n\n\n\n<p class=\"wp-block-paragraph\">Wir freuen uns sehr ab sofort direkt von Schneiders und ihrem engagierten Team beliefert zu werden, um Ihnen die besten Backwaren zum Fr\u00fchst\u00fcck oder f\u00fcr Ihren Anlass zu bieten.<\/p>\n\n\n\n<p class=\"wp-block-paragraph\">Auch als Selbstversorger im Jungend- oder Z\u00fcrihuus profitieren Sie von diesem Lieferservice. Ob Zopf und Gipfeli zum Fr\u00fchst\u00fcck oder die Torte f\u00fcr Ihr Fest:<\/p>\n\n\n\n<p class=\"has-medium-font-size wp-block-paragraph\"><strong>Bestellen Sie rechtzeitig direkt beim Beck mit der Angabe &#8220; Z\u00fcrihuus&#8220; oder &#8222;Jugendhuus&#8220;.<\/strong><\/p>\n\n\n\n<p class=\"has-medium-font-size wp-block-paragraph\"><strong>Telefon direkt: 0041 52 318 11 60<\/strong><\/p>\n\n\n\n<p class=\"wp-block-paragraph\"><\/p>","protected":false},"excerpt":{"rendered":"<p>Frisch und direkt aus Flaach &#8211; echtes B\u00e4ckerhandwerk aus Familienhand.<\/p>\n<p>Beck Schneider steht seit vielen Generationen f\u00fcr Qualit\u00e4t, Sorgfalt und beste Zutaten aus der Region. Nat\u00fcrlich, ehrlich und mit Leidenschaft gebacken &#8211; f\u00fcr genussvolle Momente bei jedem z\u00b4Morge.<\/p>","protected":false},"author":2,"featured_media":4788,"comment_status":"open","ping_status":"open","sticky":false,"template":"","format":"standard","meta":{"footnotes":""},"categories":[16],"tags":[],"class_list":["post-5030","post","type-post","status-publish","format-standard","has-post-thumbnail","hentry","category-news"],"_links":{"self":[{"href":"https:\/\/begegnungszentrum.ch\/en\/wp-json\/wp\/v2\/posts\/5030","targetHints":{"allow":["GET"]}}],"collection":[{"href":"https:\/\/begegnungszentrum.ch\/en\/wp-json\/wp\/v2\/posts"}],"about":[{"href":"https:\/\/begegnungszentrum.ch\/en\/wp-json\/wp\/v2\/types\/post"}],"author":[{"embeddable":true,"href":"https:\/\/begegnungszentrum.ch\/en\/wp-json\/wp\/v2\/users\/2"}],"replies":[{"embeddable":true,"href":"https:\/\/begegnungszentrum.ch\/en\/wp-json\/wp\/v2\/comments?post=5030"}],"version-history":[{"count":8,"href":"https:\/\/begegnungszentrum.ch\/en\/wp-json\/wp\/v2\/posts\/5030\/revisions"}],"predecessor-version":[{"id":5048,"href":"https:\/\/begegnungszentrum.ch\/en\/wp-json\/wp\/v2\/posts\/5030\/revisions\/5048"}],"wp:featuredmedia":[{"embeddable":true,"href":"https:\/\/begegnungszentrum.ch\/en\/wp-json\/wp\/v2\/media\/4788"}],"wp:attachment":[{"href":"https:\/\/begegnungszentrum.ch\/en\/wp-json\/wp\/v2\/media?parent=5030"}],"wp:term":[{"taxonomy":"category","embeddable":true,"href":"https:\/\/begegnungszentrum.ch\/en\/wp-json\/wp\/v2\/categories?post=5030"},{"taxonomy":"post_tag","embeddable":true,"href":"https:\/\/begegnungszentrum.ch\/en\/wp-json\/wp\/v2\/tags?post=5030"}],"curies":[{"name":"wp","href":"https:\/\/api.w.org\/{rel}","templated":true}]}}